{"id":1871,"global_id":"amareve.fr\/en_en?id=1871","global_id_lineage":["amareve.fr\/en_en?id=1871"],"author":"1","status":"publish","date":"2023-02-22 07:41:19","date_utc":"2023-02-22 07:41:19","modified":"2023-02-22 07:43:53","modified_utc":"2023-02-22 07:43:53","url":"http:\/\/amareve.fr\/en_en\/event\/le-pays-de-rien-nathalie-papin-2\/","rest_url":"http:\/\/amareve.fr\/en_en\/wp-json\/tribe\/events\/v1\/events\/1871","title":"Le pays de rien, Nathalie Papin","description":"<p>Dans le cadre du RT5 (Rencontres Th\u00e9\u00e2trales 5) <br \/> <br \/>\nAvec les \u00e9l\u00e8ves de CM1-CM2 du groupe scolaire de Cosne-sur-Loire<br \/>\nPour les \u00e9l\u00e8ves des \u00e9coles de Saint-Amand-en-Puisaye et Entrains-sur-Nohain<br \/>\nLe Garage Th\u00e9\u00e2tre, Cosne-sur-Loire<\/p>","excerpt":"","slug":"le-pays-de-rien-nathalie-papin-2","image":{"url":"http:\/\/amareve.fr\/wp-content\/uploads\/2023\/02\/Invitation_Cosne-scaled.jpg","id":1697,"extension":"jpg","width":1825,"height":2560,"filesize":247884,"sizes":{"medium":{"width":214,"height":300,"mime-type":"image\/jpeg","filesize":8607,"url":"http:\/\/amareve.fr\/wp-content\/uploads\/2023\/02\/Invitation_Cosne-214x300.jpg"},"large":{"width":730,"height":1024,"mime-type":"image\/jpeg","filesize":60473,"url":"http:\/\/amareve.fr\/wp-content\/uploads\/2023\/02\/Invitation_Cosne-730x1024.jpg"},"thumbnail":{"width":107,"height":150,"mime-type":"image\/jpeg","filesize":3268,"url":"http:\/\/amareve.fr\/wp-content\/uploads\/2023\/02\/Invitation_Cosne-107x150.jpg"},"medium_large":{"width":768,"height":1077,"mime-type":"image\/jpeg","filesize":64792,"url":"http:\/\/amareve.fr\/wp-content\/uploads\/2023\/02\/Invitation_Cosne-768x1077.jpg"},"1536x1536":{"width":1095,"height":1536,"mime-type":"image\/jpeg","filesize":113183,"url":"http:\/\/amareve.fr\/wp-content\/uploads\/2023\/02\/Invitation_Cosne-1095x1536.jpg"},"2048x2048":{"width":1460,"height":2048,"mime-type":"image\/jpeg","filesize":174836,"url":"http:\/\/amareve.fr\/wp-content\/uploads\/2023\/02\/Invitation_Cosne-1460x2048.jpg"},"trp-custom-language-flag":{"width":9,"height":12,"mime-type":"image\/jpeg","filesize":747,"url":"http:\/\/amareve.fr\/wp-content\/uploads\/2023\/02\/Invitation_Cosne-9x12.jpg"},"ostende-thumb-huge":{"width":499,"height":700,"mime-type":"image\/jpeg","filesize":33317,"url":"http:\/\/amareve.fr\/wp-content\/uploads\/2023\/02\/Invitation_Cosne-499x700.jpg"},"ostende-thumb-big":{"width":338,"height":474,"mime-type":"image\/jpeg","filesize":18362,"url":"http:\/\/amareve.fr\/wp-content\/uploads\/2023\/02\/Invitation_Cosne-338x474.jpg"},"ostende-thumb-med":{"width":163,"height":228,"mime-type":"image\/jpeg","filesize":5597,"url":"http:\/\/amareve.fr\/wp-content\/uploads\/2023\/02\/Invitation_Cosne-163x228.jpg"},"ostende-thumb-tiny":{"width":86,"height":120,"mime-type":"image\/jpeg","filesize":2472,"url":"http:\/\/amareve.fr\/wp-content\/uploads\/2023\/02\/Invitation_Cosne-86x120.jpg"},"ostende-thumb-masonry-big":{"width":812,"height":1139,"mime-type":"image\/jpeg","filesize":70996,"url":"http:\/\/amareve.fr\/wp-content\/uploads\/2023\/02\/Invitation_Cosne-812x1139.jpg"},"ostende-thumb-masonry":{"width":406,"height":569,"mime-type":"image\/jpeg","filesize":23449,"url":"http:\/\/amareve.fr\/wp-content\/uploads\/2023\/02\/Invitation_Cosne-406x569.jpg"},"ostende-thumb-extra-big":{"width":333,"height":467,"mime-type":"image\/jpeg","filesize":17291,"url":"http:\/\/amareve.fr\/wp-content\/uploads\/2023\/02\/Invitation_Cosne-333x467.jpg"},"ostende-thumb-extra-height":{"width":285,"height":400,"mime-type":"image\/jpeg","filesize":13375,"url":"http:\/\/amareve.fr\/wp-content\/uploads\/2023\/02\/Invitation_Cosne-285x400.jpg"},"trx_addons-thumb-avatar":{"width":370,"height":370,"mime-type":"image\/jpeg","filesize":12898,"url":"http:\/\/amareve.fr\/wp-content\/uploads\/2023\/02\/Invitation_Cosne-scaled.jpg"},"trx_addons-thumb-small":{"width":270,"height":152,"mime-type":"image\/jpeg","filesize":5170,"url":"http:\/\/amareve.fr\/wp-content\/uploads\/2023\/02\/Invitation_Cosne-270x152.jpg"},"trx_addons-thumb-portrait":{"width":370,"height":493,"mime-type":"image\/jpeg","filesize":20383,"url":"http:\/\/amareve.fr\/wp-content\/uploads\/2023\/02\/Invitation_Cosne-370x493.jpg"}},"original_image":"Invitation_Cosne.jpg"},"all_day":false,"start_date":"2022-06-03 14:00:00","start_date_details":{"year":"2022","month":"06","day":"03","hour":"14","minutes":"00","seconds":"00"},"end_date":"2022-06-03 14:00:00","end_date_details":{"year":"2022","month":"06","day":"03","hour":"14","minutes":"00","seconds":"00"},"utc_start_date":"2022-06-03 14:00:00","utc_start_date_details":{"year":"2022","month":"06","day":"03","hour":"14","minutes":"00","seconds":"00"},"utc_end_date":"2022-06-03 14:00:00","utc_end_date_details":{"year":"2022","month":"06","day":"03","hour":"14","minutes":"00","seconds":"00"},"timezone":"UTC+0","timezone_abbr":"UTC+0","cost":"","cost_details":{"currency_symbol":"","currency_code":"","currency_position":"prefix","values":[]},"website":"","show_map":false,"show_map_link":false,"hide_from_listings":false,"sticky":false,"featured":false,"categories":[{"name":"EAC","slug":"eac","term_group":0,"term_taxonomy_id":53,"taxonomy":"tribe_events_cat","description":"","parent":0,"count":63,"filter":"raw","id":53,"urls":{"self":"http:\/\/amareve.fr\/en_en\/wp-json\/tribe\/events\/v1\/categories\/53","collection":"http:\/\/amareve.fr\/en_en\/wp-json\/tribe\/events\/v1\/categories"}}],"tags":[],"venue":[],"organizer":[],"custom_fields":[],"json_ld":{"@context":"http:\/\/schema.org","@type":"Event","name":"Le pays de rien, Nathalie Papin","description":"&lt;p&gt;Dans le cadre du RT5 (Rencontres Th\u00e9\u00e2trales 5) Avec les \u00e9l\u00e8ves de CM1-CM2 du groupe scolaire de Cosne-sur-Loire Pour les \u00e9l\u00e8ves des \u00e9coles de Saint-Amand-en-Puisaye et Entrains-sur-Nohain Le Garage Th\u00e9\u00e2tre, Cosne-sur-Loire&lt;\/p&gt;\\n","image":"http:\/\/amareve.fr\/wp-content\/uploads\/2023\/02\/Invitation_Cosne-scaled.jpg","url":"http:\/\/amareve.fr\/en_en\/event\/le-pays-de-rien-nathalie-papin-2\/","eventAttendanceMode":"https:\/\/schema.org\/OfflineEventAttendanceMode","eventStatus":"https:\/\/schema.org\/EventScheduled","startDate":"2022-06-03T14:00:00+00:00","endDate":"2022-06-03T14:00:00+00:00","performer":"Organization"}}