{"id":1881,"global_id":"amareve.fr\/en_en?id=1881","global_id_lineage":["amareve.fr\/en_en?id=1881"],"author":"1","status":"publish","date":"2023-02-22 08:09:44","date_utc":"2023-02-22 08:09:44","modified":"2023-02-22 08:09:44","modified_utc":"2023-02-22 08:09:44","url":"http:\/\/amareve.fr\/en_en\/event\/la-terre-qui-ne-voulait-plus-tourner-francoise-du-chaxel-3\/","rest_url":"http:\/\/amareve.fr\/en_en\/wp-json\/tribe\/events\/v1\/events\/1881","title":"La terre qui ne voulait plus tourner, Fran\u00e7oise du Chaxel","description":"<p>Dans le cadre du RT5 (Rencontres Th\u00e9\u00e2trales 5) <br \/> <br \/>\nAvec les \u00e9l\u00e8ves de CE2-CM2 du groupe scolaire de Saint-Amand-en-Puisaye<br \/>\nPour les \u00e9l\u00e8ves des \u00e9coles d&#8217;Entrains-sur-Nohain et Donzy<br \/>\nCh\u00e2teau de Saint-Amand-en-Puisaye<\/p>","excerpt":"","slug":"la-terre-qui-ne-voulait-plus-tourner-francoise-du-chaxel-3","image":{"url":"http:\/\/amareve.fr\/wp-content\/uploads\/2023\/02\/Invitation_StAmand-scaled.jpg","id":1701,"extension":"jpg","width":1825,"height":2560,"filesize":261135,"sizes":{"medium":{"width":214,"height":300,"mime-type":"image\/jpeg","filesize":9198,"url":"http:\/\/amareve.fr\/wp-content\/uploads\/2023\/02\/Invitation_StAmand-214x300.jpg"},"large":{"width":730,"height":1024,"mime-type":"image\/jpeg","filesize":63273,"url":"http:\/\/amareve.fr\/wp-content\/uploads\/2023\/02\/Invitation_StAmand-730x1024.jpg"},"thumbnail":{"width":107,"height":150,"mime-type":"image\/jpeg","filesize":3571,"url":"http:\/\/amareve.fr\/wp-content\/uploads\/2023\/02\/Invitation_StAmand-107x150.jpg"},"medium_large":{"width":768,"height":1077,"mime-type":"image\/jpeg","filesize":67630,"url":"http:\/\/amareve.fr\/wp-content\/uploads\/2023\/02\/Invitation_StAmand-768x1077.jpg"},"1536x1536":{"width":1095,"height":1536,"mime-type":"image\/jpeg","filesize":117801,"url":"http:\/\/amareve.fr\/wp-content\/uploads\/2023\/02\/Invitation_StAmand-1095x1536.jpg"},"2048x2048":{"width":1460,"height":2048,"mime-type":"image\/jpeg","filesize":183749,"url":"http:\/\/amareve.fr\/wp-content\/uploads\/2023\/02\/Invitation_StAmand-1460x2048.jpg"},"trp-custom-language-flag":{"width":9,"height":12,"mime-type":"image\/jpeg","filesize":761,"url":"http:\/\/amareve.fr\/wp-content\/uploads\/2023\/02\/Invitation_StAmand-9x12.jpg"},"ostende-thumb-huge":{"width":499,"height":700,"mime-type":"image\/jpeg","filesize":34759,"url":"http:\/\/amareve.fr\/wp-content\/uploads\/2023\/02\/Invitation_StAmand-499x700.jpg"},"ostende-thumb-big":{"width":338,"height":474,"mime-type":"image\/jpeg","filesize":18915,"url":"http:\/\/amareve.fr\/wp-content\/uploads\/2023\/02\/Invitation_StAmand-338x474.jpg"},"ostende-thumb-med":{"width":163,"height":228,"mime-type":"image\/jpeg","filesize":6046,"url":"http:\/\/amareve.fr\/wp-content\/uploads\/2023\/02\/Invitation_StAmand-163x228.jpg"},"ostende-thumb-tiny":{"width":86,"height":120,"mime-type":"image\/jpeg","filesize":2697,"url":"http:\/\/amareve.fr\/wp-content\/uploads\/2023\/02\/Invitation_StAmand-86x120.jpg"},"ostende-thumb-masonry-big":{"width":812,"height":1139,"mime-type":"image\/jpeg","filesize":74028,"url":"http:\/\/amareve.fr\/wp-content\/uploads\/2023\/02\/Invitation_StAmand-812x1139.jpg"},"ostende-thumb-masonry":{"width":406,"height":569,"mime-type":"image\/jpeg","filesize":24446,"url":"http:\/\/amareve.fr\/wp-content\/uploads\/2023\/02\/Invitation_StAmand-406x569.jpg"},"ostende-thumb-extra-big":{"width":333,"height":467,"mime-type":"image\/jpeg","filesize":18005,"url":"http:\/\/amareve.fr\/wp-content\/uploads\/2023\/02\/Invitation_StAmand-333x467.jpg"},"ostende-thumb-extra-height":{"width":285,"height":400,"mime-type":"image\/jpeg","filesize":14172,"url":"http:\/\/amareve.fr\/wp-content\/uploads\/2023\/02\/Invitation_StAmand-285x400.jpg"},"trx_addons-thumb-avatar":{"width":370,"height":370,"mime-type":"image\/jpeg","filesize":13949,"url":"http:\/\/amareve.fr\/wp-content\/uploads\/2023\/02\/Invitation_StAmand-scaled.jpg"},"trx_addons-thumb-small":{"width":270,"height":152,"mime-type":"image\/jpeg","filesize":5341,"url":"http:\/\/amareve.fr\/wp-content\/uploads\/2023\/02\/Invitation_StAmand-270x152.jpg"},"trx_addons-thumb-portrait":{"width":370,"height":493,"mime-type":"image\/jpeg","filesize":21471,"url":"http:\/\/amareve.fr\/wp-content\/uploads\/2023\/02\/Invitation_StAmand-370x493.jpg"}},"original_image":"Invitation_StAmand.jpg"},"all_day":false,"start_date":"2022-05-19 14:00:00","start_date_details":{"year":"2022","month":"05","day":"19","hour":"14","minutes":"00","seconds":"00"},"end_date":"2022-05-19 14:00:00","end_date_details":{"year":"2022","month":"05","day":"19","hour":"14","minutes":"00","seconds":"00"},"utc_start_date":"2022-05-19 14:00:00","utc_start_date_details":{"year":"2022","month":"05","day":"19","hour":"14","minutes":"00","seconds":"00"},"utc_end_date":"2022-05-19 14:00:00","utc_end_date_details":{"year":"2022","month":"05","day":"19","hour":"14","minutes":"00","seconds":"00"},"timezone":"UTC+0","timezone_abbr":"UTC+0","cost":"","cost_details":{"currency_symbol":"","currency_code":"","currency_position":"prefix","values":[]},"website":"","show_map":false,"show_map_link":false,"hide_from_listings":false,"sticky":false,"featured":false,"categories":[{"name":"EAC","slug":"eac","term_group":0,"term_taxonomy_id":53,"taxonomy":"tribe_events_cat","description":"","parent":0,"count":63,"filter":"raw","id":53,"urls":{"self":"http:\/\/amareve.fr\/en_en\/wp-json\/tribe\/events\/v1\/categories\/53","collection":"http:\/\/amareve.fr\/en_en\/wp-json\/tribe\/events\/v1\/categories"}}],"tags":[],"venue":[],"organizer":[],"custom_fields":[],"json_ld":{"@context":"http:\/\/schema.org","@type":"Event","name":"La terre qui ne voulait plus tourner, Fran\u00e7oise du Chaxel","description":"&lt;p&gt;Dans le cadre du RT5 (Rencontres Th\u00e9\u00e2trales 5) Avec les \u00e9l\u00e8ves de CE2-CM2 du groupe scolaire de Saint-Amand-en-Puisaye Pour les \u00e9l\u00e8ves des \u00e9coles d\\'Entrains-sur-Nohain et Donzy Ch\u00e2teau de Saint-Amand-en-Puisaye&lt;\/p&gt;\\n","image":"http:\/\/amareve.fr\/wp-content\/uploads\/2023\/02\/Invitation_StAmand-scaled.jpg","url":"http:\/\/amareve.fr\/en_en\/event\/la-terre-qui-ne-voulait-plus-tourner-francoise-du-chaxel-3\/","eventAttendanceMode":"https:\/\/schema.org\/OfflineEventAttendanceMode","eventStatus":"https:\/\/schema.org\/EventScheduled","startDate":"2022-05-19T14:00:00+00:00","endDate":"2022-05-19T14:00:00+00:00","performer":"Organization"}}