{"id":1950,"global_id":"amareve.fr\/en_en?id=1950","global_id_lineage":["amareve.fr\/en_en?id=1950"],"author":"1","status":"publish","date":"2023-02-22 10:20:50","date_utc":"2023-02-22 10:20:50","modified":"2023-02-22 10:23:12","modified_utc":"2023-02-22 10:23:12","url":"http:\/\/amareve.fr\/en_en\/event\/danseur-de-cruaute-2\/","rest_url":"http:\/\/amareve.fr\/en_en\/wp-json\/tribe\/events\/v1\/events\/1950","title":"Danseur de cruaut\u00e9, Florian Rebeyrolle","description":"<p>Avec Alberto Lombardo et Fran\u00e7ois Tavar\u00e8s, Lecture th\u00e9\u00e2tralis\u00e9e <\/p>","excerpt":"","slug":"danseur-de-cruaute-2","image":{"url":"http:\/\/amareve.fr\/wp-content\/uploads\/2023\/02\/Affiche_Danseur_de_cruaute_F.REBEYROLLE-scaled.jpg","id":1951,"extension":"jpg","width":1810,"height":2560,"filesize":173527,"sizes":{"medium":{"width":212,"height":300,"mime-type":"image\/jpeg","filesize":6612,"url":"http:\/\/amareve.fr\/wp-content\/uploads\/2023\/02\/Affiche_Danseur_de_cruaute_F.REBEYROLLE-212x300.jpg"},"large":{"width":724,"height":1024,"mime-type":"image\/jpeg","filesize":42747,"url":"http:\/\/amareve.fr\/wp-content\/uploads\/2023\/02\/Affiche_Danseur_de_cruaute_F.REBEYROLLE-724x1024.jpg"},"thumbnail":{"width":106,"height":150,"mime-type":"image\/jpeg","filesize":2423,"url":"http:\/\/amareve.fr\/wp-content\/uploads\/2023\/02\/Affiche_Danseur_de_cruaute_F.REBEYROLLE-106x150.jpg"},"medium_large":{"width":768,"height":1086,"mime-type":"image\/jpeg","filesize":46850,"url":"http:\/\/amareve.fr\/wp-content\/uploads\/2023\/02\/Affiche_Danseur_de_cruaute_F.REBEYROLLE-768x1086.jpg"},"1536x1536":{"width":1086,"height":1536,"mime-type":"image\/jpeg","filesize":79408,"url":"http:\/\/amareve.fr\/wp-content\/uploads\/2023\/02\/Affiche_Danseur_de_cruaute_F.REBEYROLLE-1086x1536.jpg"},"2048x2048":{"width":1448,"height":2048,"mime-type":"image\/jpeg","filesize":122259,"url":"http:\/\/amareve.fr\/wp-content\/uploads\/2023\/02\/Affiche_Danseur_de_cruaute_F.REBEYROLLE-1448x2048.jpg"},"trp-custom-language-flag":{"width":8,"height":12,"mime-type":"image\/jpeg","filesize":713,"url":"http:\/\/amareve.fr\/wp-content\/uploads\/2023\/02\/Affiche_Danseur_de_cruaute_F.REBEYROLLE-8x12.jpg"},"ostende-thumb-huge":{"width":495,"height":700,"mime-type":"image\/jpeg","filesize":23811,"url":"http:\/\/amareve.fr\/wp-content\/uploads\/2023\/02\/Affiche_Danseur_de_cruaute_F.REBEYROLLE-495x700.jpg"},"ostende-thumb-big":{"width":335,"height":474,"mime-type":"image\/jpeg","filesize":12828,"url":"http:\/\/amareve.fr\/wp-content\/uploads\/2023\/02\/Affiche_Danseur_de_cruaute_F.REBEYROLLE-335x474.jpg"},"ostende-thumb-med":{"width":161,"height":228,"mime-type":"image\/jpeg","filesize":4420,"url":"http:\/\/amareve.fr\/wp-content\/uploads\/2023\/02\/Affiche_Danseur_de_cruaute_F.REBEYROLLE-161x228.jpg"},"ostende-thumb-tiny":{"width":85,"height":120,"mime-type":"image\/jpeg","filesize":1821,"url":"http:\/\/amareve.fr\/wp-content\/uploads\/2023\/02\/Affiche_Danseur_de_cruaute_F.REBEYROLLE-85x120.jpg"},"ostende-thumb-masonry-big":{"width":812,"height":1149,"mime-type":"image\/jpeg","filesize":50416,"url":"http:\/\/amareve.fr\/wp-content\/uploads\/2023\/02\/Affiche_Danseur_de_cruaute_F.REBEYROLLE-812x1149.jpg"},"ostende-thumb-masonry":{"width":406,"height":574,"mime-type":"image\/jpeg","filesize":17157,"url":"http:\/\/amareve.fr\/wp-content\/uploads\/2023\/02\/Affiche_Danseur_de_cruaute_F.REBEYROLLE-406x574.jpg"},"ostende-thumb-extra-big":{"width":330,"height":467,"mime-type":"image\/jpeg","filesize":13099,"url":"http:\/\/amareve.fr\/wp-content\/uploads\/2023\/02\/Affiche_Danseur_de_cruaute_F.REBEYROLLE-330x467.jpg"},"ostende-thumb-extra-height":{"width":283,"height":400,"mime-type":"image\/jpeg","filesize":10045,"url":"http:\/\/amareve.fr\/wp-content\/uploads\/2023\/02\/Affiche_Danseur_de_cruaute_F.REBEYROLLE-283x400.jpg"},"trx_addons-thumb-avatar":{"width":370,"height":370,"mime-type":"image\/jpeg","filesize":12162,"url":"http:\/\/amareve.fr\/wp-content\/uploads\/2023\/02\/Affiche_Danseur_de_cruaute_F.REBEYROLLE-scaled.jpg"},"trx_addons-thumb-small":{"width":270,"height":152,"mime-type":"image\/jpeg","filesize":4676,"url":"http:\/\/amareve.fr\/wp-content\/uploads\/2023\/02\/Affiche_Danseur_de_cruaute_F.REBEYROLLE-270x152.jpg"},"trx_addons-thumb-portrait":{"width":370,"height":493,"mime-type":"image\/jpeg","filesize":15573,"url":"http:\/\/amareve.fr\/wp-content\/uploads\/2023\/02\/Affiche_Danseur_de_cruaute_F.REBEYROLLE-370x493.jpg"}},"original_image":"Affiche_Danseur_de_cruaute_F.REBEYROLLE.jpg"},"all_day":false,"start_date":"2012-09-09 16:00:00","start_date_details":{"year":"2012","month":"09","day":"09","hour":"16","minutes":"00","seconds":"00"},"end_date":"2012-09-09 16:00:00","end_date_details":{"year":"2012","month":"09","day":"09","hour":"16","minutes":"00","seconds":"00"},"utc_start_date":"2012-09-09 16:00:00","utc_start_date_details":{"year":"2012","month":"09","day":"09","hour":"16","minutes":"00","seconds":"00"},"utc_end_date":"2012-09-09 16:00:00","utc_end_date_details":{"year":"2012","month":"09","day":"09","hour":"16","minutes":"00","seconds":"00"},"timezone":"UTC+0","timezone_abbr":"UTC+0","cost":"","cost_details":{"currency_symbol":"","currency_code":"","currency_position":"prefix","values":[]},"website":"","show_map":true,"show_map_link":true,"hide_from_listings":false,"sticky":false,"featured":false,"categories":[{"name":"SPECTACLE PROFESSIONNEL","slug":"spectacle-professionnel","term_group":0,"term_taxonomy_id":54,"taxonomy":"tribe_events_cat","description":"","parent":0,"count":18,"filter":"raw","id":54,"urls":{"self":"http:\/\/amareve.fr\/en_en\/wp-json\/tribe\/events\/v1\/categories\/54","collection":"http:\/\/amareve.fr\/en_en\/wp-json\/tribe\/events\/v1\/categories"}}],"tags":[],"venue":[],"organizer":[],"custom_fields":[],"json_ld":{"@context":"http:\/\/schema.org","@type":"Event","name":"Danseur de cruaut\u00e9, Florian Rebeyrolle","description":"&lt;p&gt;Avec Alberto Lombardo et Fran\u00e7ois Tavar\u00e8s, Lecture th\u00e9\u00e2tralis\u00e9e&lt;\/p&gt;\\n","image":"http:\/\/amareve.fr\/wp-content\/uploads\/2023\/02\/Affiche_Danseur_de_cruaute_F.REBEYROLLE-scaled.jpg","url":"http:\/\/amareve.fr\/en_en\/event\/danseur-de-cruaute-2\/","eventAttendanceMode":"https:\/\/schema.org\/OfflineEventAttendanceMode","eventStatus":"https:\/\/schema.org\/EventScheduled","startDate":"2012-09-09T16:00:00+00:00","endDate":"2012-09-09T16:00:00+00:00","performer":"Organization"}}