{"id":1730,"global_id":"amareve.fr\/en_en?id=1730","global_id_lineage":["amareve.fr\/en_en?id=1730"],"author":"1","status":"publish","date":"2023-02-17 10:57:41","date_utc":"2023-02-17 10:57:41","modified":"2023-02-21 11:35:06","modified_utc":"2023-02-21 11:35:06","url":"https:\/\/amareve.fr\/en_en\/event\/petit_pierre_varzy\/","rest_url":"https:\/\/amareve.fr\/en_en\/wp-json\/tribe\/events\/v1\/events\/1730","title":"Petit Pierre, Suzanne Lebeau","description":"<p>Cit\u00e9 du Mot, Charit\u00e9-sur-Loire<br \/>\nAvec les \u00e9l\u00e8ves de Ferronnerie et de Chaudronnerie du Lyc\u00e9e de Varzy<\/p>","excerpt":"","slug":"petit_pierre_varzy","image":false,"all_day":false,"start_date":"2023-05-26 19:00:00","start_date_details":{"year":"2023","month":"05","day":"26","hour":"19","minutes":"00","seconds":"00"},"end_date":"2023-05-26 19:00:00","end_date_details":{"year":"2023","month":"05","day":"26","hour":"19","minutes":"00","seconds":"00"},"utc_start_date":"2023-05-26 19:00:00","utc_start_date_details":{"year":"2023","month":"05","day":"26","hour":"19","minutes":"00","seconds":"00"},"utc_end_date":"2023-05-26 19:00:00","utc_end_date_details":{"year":"2023","month":"05","day":"26","hour":"19","minutes":"00","seconds":"00"},"timezone":"UTC+0","timezone_abbr":"UTC+0","cost":"","cost_details":{"currency_symbol":"","currency_code":"","currency_position":"prefix","values":[]},"website":"","show_map":true,"show_map_link":true,"hide_from_listings":false,"sticky":false,"featured":false,"categories":[{"name":"EAC","slug":"eac","term_group":0,"term_taxonomy_id":53,"taxonomy":"tribe_events_cat","description":"","parent":0,"count":63,"filter":"raw","id":53,"urls":{"self":"https:\/\/amareve.fr\/en_en\/wp-json\/tribe\/events\/v1\/categories\/53","collection":"https:\/\/amareve.fr\/en_en\/wp-json\/tribe\/events\/v1\/categories"}}],"tags":[],"venue":[],"organizer":[],"custom_fields":[],"json_ld":{"@context":"http:\/\/schema.org","@type":"Event","name":"Petit Pierre, Suzanne Lebeau","description":"&lt;p&gt;Cit\u00e9 du Mot, Charit\u00e9-sur-Loire Avec les \u00e9l\u00e8ves de Ferronnerie et de Chaudronnerie du Lyc\u00e9e de Varzy&lt;\/p&gt;\\n","url":"https:\/\/amareve.fr\/en_en\/event\/petit_pierre_varzy\/","eventAttendanceMode":"https:\/\/schema.org\/OfflineEventAttendanceMode","eventStatus":"https:\/\/schema.org\/EventScheduled","startDate":"2023-05-26T19:00:00+00:00","endDate":"2023-05-26T19:00:00+00:00","performer":"Organization"}}